{"id":8236,"date":"2026-01-26T18:14:36","date_gmt":"2026-01-26T17:14:36","guid":{"rendered":"https:\/\/www.amstetten-falcons.at\/cms\/?p=8236"},"modified":"2026-01-26T18:18:07","modified_gmt":"2026-01-26T17:18:07","slug":"niederlage-zum-abschluss-des-grunddurchganges","status":"publish","type":"post","link":"https:\/\/www.amstetten-falcons.at\/cms\/2026\/01\/26\/niederlage-zum-abschluss-des-grunddurchganges\/","title":{"rendered":"Niederlage zum Abschluss des Grunddurchganges"},"content":{"rendered":"<p><strong>O\u00d6 Landesliga \u2013 Heimspiel powered by Volksbank N\u00d6: Amstetten Falcons \u2013 Swans Gmunden LL 49:63 (26:39)<\/strong><\/p>\n<p>Die Amstetten Falcons haben den Grunddurchgang der O\u00d6 Landesliga mit einer Niederlage abgeschlossen. Die Basketballer aus dem Mostviertel mussten sich am Sonntag in der Johann P\u00f6lz Halle Titelverteidiger Swans Gmunden LL mit 49:63 (26:39) geschlagen geben. Als F\u00fcnfter nach der regul\u00e4ren Saison treffen die Falcons im Viertelfinale ab Anfang M\u00e4rz auf den Lokalrivalen UBBC Enns. Die genauen Termine der \u201ebest of three\u201c-Serie, deren zweite Begegnung in Amstetten stattfindet, stehen noch nicht fest.<\/p>\n<p>Gegen Gmunden taten sich die Amstettner vor allem im Angriff schwer, L\u00f6sungen zu finden. \u201eWir haben den Gegner unter 70 Punkten gehalten, das ist sehr okay\u201c, meinte Falcons-Coach Harald Katzengruber. \u201eWir haben es ihnen phasenweise nicht leicht gemacht, aber wir haben in der Offensive keinen Flow gefunden.\u201c Einzig Jasmin Marevac scorte mit 18 Punkten zweistellig. Rene Bremb\u00f6ck kam auf neun, Pablo Bartolucci auf acht Z\u00e4hler.<\/p>\n<p><strong>Steigerung im Play-off n\u00f6tig<br \/>\n<\/strong>Den Grunddurchgang schlossen die Falcons mit vier Siegen und acht Niederlagen auf Rang f\u00fcnf ab. \u201eDamit k\u00f6nnen wir nicht zufrieden sein, auch wenn das unser Minimalziel war\u201c, betonte Katzengruber. \u201eVom Potenzial her w\u00e4re sicher mehr drinnen gewesen.\u201c Die Abstimmung innerhalb der neu zusammengestellten, aber erfahrenen Truppe lie\u00df allerdings noch zu w\u00fcnschen \u00fcbrig. Katzengruber: \u201eIn der Offensive haben wir einiges nicht zusammengebracht. Dass wir phasenweise in der Defense gut spielen, reicht nicht. Du musst auch Punkte machen, um starke Gegner zu schlagen.\u201c<\/p>\n<p>Die warten nun im Play-off. \u201eEnns wird sicherlich schwierig, das ist ein unangenehmer Gegner\u201c, warnte Katzengruber vor dem Ligavierten. Die erste Begegnung geht in der ersten M\u00e4rz-Woche in Enns \u00fcber die B\u00fchne. Das Halbfinale, ihr erstes seit 2019, scheint f\u00fcr die Falcons dennoch m\u00f6glich. Katzengruber: \u201eWir brauchen f\u00fcr die Play-offs neben unserer Defense auch eine konstante Offense. Da m\u00fcssen wir hinkommen, dann ist vieles m\u00f6glich.\u201c<\/p>\n<p><em>Falcons-Scorer: Marevac 18, Bremb\u00f6ck 9, Bartolucci 8, Sturm 5, Leonhartsberger 4, Mujic 3, Kertakov 2, Halbartschlager, Haselmayer, Thoma, Zuser.<\/em><\/p>\n<p>***<\/p>\n<p><strong>Matchpatronanz und U23-Sieg<br \/>\n<\/strong>Die Amstetten Falcons bedanken sich bei ihrem langj\u00e4hrigen Partner <strong>Volksbank Nieder\u00f6sterreich AG<\/strong> f\u00fcr die \u00dcbernahme der Matchpatronanz. Den Ehrenaufwurf nahm Regionalleiter Udo Baumgartner vor. Vielen Dank an das gesamte Team!<\/p>\n<p>Im Anschluss sorgte die U23 der Falcons auch noch f\u00fcr ein Erfolgserlebnis in der Halle. Die jungen Amstettner besiegten die Routiniers des SK Kammer nach anf\u00e4nglichem R\u00fcckstand mit 89:75 (38:39). Topscorer der Heimischen war Ammar Gazija mit 22 Z\u00e4hlern. Auch Johannes Eslitzbichler (19), Abdulrahman Akhdier (17) und Benjamin Mesic (17) punkteten jeweils zweistellig. Mit acht Siegen und sieben Niederlagen liegt die <strong>Falcons U23<\/strong> in der 2. O\u00d6 Landesliga vorerst auf dem zweiten Tabellenplatz.<\/p>\n","protected":false},"excerpt":{"rendered":"<p>O\u00d6 Landesliga \u2013 Heimspiel powered by Volksbank N\u00d6: Amstetten Falcons \u2013 Swans Gmunden LL 49:63 (26:39) Die Amstetten Falcons haben den Grunddurchgang der O\u00d6 Landesliga mit einer Niederlage abgeschlossen. Die Basketballer aus dem Mostviertel mussten sich am Sonntag in der Johann P\u00f6lz Halle Titelverteidiger Swans Gmunden LL mit 49:63 (26:39) geschlagen geben. Als F\u00fcnfter nach [&hellip;]<\/p>\n","protected":false},"author":23,"featured_media":8238,"comment_status":"closed","ping_status":"closed","sticky":false,"template":"","format":"standard","meta":{"om_disable_all_campaigns":false,"_monsterinsights_skip_tracking":false,"_monsterinsights_sitenote_active":false,"_monsterinsights_sitenote_note":"","_monsterinsights_sitenote_category":0,"ngg_post_thumbnail":0,"footnotes":""},"categories":[1,8,2],"tags":[],"class_list":["post-8236","post","type-post","status-publish","format-standard","has-post-thumbnail","hentry","category-allgemein","category-landesliga","category-news"],"aioseo_notices":[],"_links":{"self":[{"href":"https:\/\/www.amstetten-falcons.at\/cms\/wp-json\/wp\/v2\/posts\/8236","targetHints":{"allow":["GET"]}}],"collection":[{"href":"https:\/\/www.amstetten-falcons.at\/cms\/wp-json\/wp\/v2\/posts"}],"about":[{"href":"https:\/\/www.amstetten-falcons.at\/cms\/wp-json\/wp\/v2\/types\/post"}],"author":[{"embeddable":true,"href":"https:\/\/www.amstetten-falcons.at\/cms\/wp-json\/wp\/v2\/users\/23"}],"replies":[{"embeddable":true,"href":"https:\/\/www.amstetten-falcons.at\/cms\/wp-json\/wp\/v2\/comments?post=8236"}],"version-history":[{"count":4,"href":"https:\/\/www.amstetten-falcons.at\/cms\/wp-json\/wp\/v2\/posts\/8236\/revisions"}],"predecessor-version":[{"id":8242,"href":"https:\/\/www.amstetten-falcons.at\/cms\/wp-json\/wp\/v2\/posts\/8236\/revisions\/8242"}],"wp:featuredmedia":[{"embeddable":true,"href":"https:\/\/www.amstetten-falcons.at\/cms\/wp-json\/wp\/v2\/media\/8238"}],"wp:attachment":[{"href":"https:\/\/www.amstetten-falcons.at\/cms\/wp-json\/wp\/v2\/media?parent=8236"}],"wp:term":[{"taxonomy":"category","embeddable":true,"href":"https:\/\/www.amstetten-falcons.at\/cms\/wp-json\/wp\/v2\/categories?post=8236"},{"taxonomy":"post_tag","embeddable":true,"href":"https:\/\/www.amstetten-falcons.at\/cms\/wp-json\/wp\/v2\/tags?post=8236"}],"curies":[{"name":"wp","href":"https:\/\/api.w.org\/{rel}","templated":true}]}}